{"id":1896,"date":"2024-08-13T19:51:59","date_gmt":"2024-08-13T17:51:59","guid":{"rendered":"https:\/\/www.reverlesfuturs.com\/blog\/?p=1896"},"modified":"2024-08-13T19:51:59","modified_gmt":"2024-08-13T17:51:59","slug":"evenement-pyreneen-concours-de-machines","status":"publish","type":"post","link":"https:\/\/prod.reverlesfuturs.com\/wp\/evenement-pyreneen-concours-de-machines\/","title":{"rendered":"Concours de Machines 2024 : un \u00e9v\u00e9nement pyr\u00e9n\u00e9en"},"content":{"rendered":"\n<p>Impliqu\u00e9s dans le d\u00e9veloppement de la fili\u00e8re \u00ab\u00a0v\u00e9lo\u00a0\u00bb dans les Pyr\u00e9n\u00e9es \u00e0 plusieurs titre, notamment pour la cr\u00e9ation de <a href=\"https:\/\/www.reverlesfuturs.com\/blog\/la-marque-pyrenees-velo\/\" target=\"_blank\" rel=\"noreferrer noopener\">la marque Pyr\u00e9n\u00e9es V\u00e9lo<\/a>, nous avons \u00e9t\u00e9 sollicit\u00e9s pour <strong>l&rsquo;\u00e9v\u00e9nement du Concours de Machines 2024<\/strong>.<\/p>\n\n\n\n<p>L&rsquo;\u00e9quipe de l&rsquo;<a href=\"https:\/\/www.associationartisansducycle.com\/\" target=\"_blank\" rel=\"noreferrer noopener\">Association des Artisans du Cycle<\/a> a fait appel \u00e0 R\u00eaver les Futurs pour <strong>imaginer la sc\u00e9nographie, l&rsquo;identit\u00e9 visuelle et la communication<\/strong> de la 8\u00e8me \u00e9dition du Concours de Machines (v\u00e9lo artisanaux) qui s&rsquo;est tenu dans le <a href=\"https:\/\/www.hautespyrenees.fr\/\" target=\"_blank\" rel=\"noreferrer noopener\">d\u00e9partement des Hautes-Pyr\u00e9n\u00e9es<\/a>.<\/p>\n\n\n\n<figure class=\"wp-block-gallery has-nested-images columns-default is-cropped wp-block-gallery-1 is-layout-flex wp-block-gallery-is-layout-flex\">\n<figure class=\"wp-block-image size-large\"><img loading=\"lazy\" decoding=\"async\" width=\"1024\" height=\"683\" data-id=\"1914\" src=\"https:\/\/prod.reverlesfuturs.com\/wp\/wp-content\/uploads\/2024\/08\/Abbaye-de-lEscaladieu-CDM-2024-1024x683.jpeg\" alt=\"\" class=\"wp-image-1914\" srcset=\"https:\/\/prod.reverlesfuturs.com\/wp\/wp-content\/uploads\/2024\/08\/Abbaye-de-lEscaladieu-CDM-2024-1024x683.jpeg 1024w, https:\/\/prod.reverlesfuturs.com\/wp\/wp-content\/uploads\/2024\/08\/Abbaye-de-lEscaladieu-CDM-2024-300x200.jpeg 300w, https:\/\/prod.reverlesfuturs.com\/wp\/wp-content\/uploads\/2024\/08\/Abbaye-de-lEscaladieu-CDM-2024-768x512.jpeg 768w, https:\/\/prod.reverlesfuturs.com\/wp\/wp-content\/uploads\/2024\/08\/Abbaye-de-lEscaladieu-CDM-2024-1536x1024.jpeg 1536w, https:\/\/prod.reverlesfuturs.com\/wp\/wp-content\/uploads\/2024\/08\/Abbaye-de-lEscaladieu-CDM-2024-113x75.jpeg 113w, https:\/\/prod.reverlesfuturs.com\/wp\/wp-content\/uploads\/2024\/08\/Abbaye-de-lEscaladieu-CDM-2024-480x320.jpeg 480w, https:\/\/prod.reverlesfuturs.com\/wp\/wp-content\/uploads\/2024\/08\/Abbaye-de-lEscaladieu-CDM-2024.jpeg 2048w\" sizes=\"auto, (max-width:767px) 480px, (max-width:1024px) 100vw, 1024px\" \/><\/figure>\n\n\n\n<figure class=\"wp-block-image size-large\"><img loading=\"lazy\" decoding=\"async\" width=\"1024\" height=\"683\" data-id=\"1913\" src=\"https:\/\/prod.reverlesfuturs.com\/wp\/wp-content\/uploads\/2024\/08\/Abbatial-Defile-Concours-de-Machines-1024x683.jpeg\" alt=\"\" class=\"wp-image-1913\" srcset=\"https:\/\/prod.reverlesfuturs.com\/wp\/wp-content\/uploads\/2024\/08\/Abbatial-Defile-Concours-de-Machines-1024x683.jpeg 1024w, https:\/\/prod.reverlesfuturs.com\/wp\/wp-content\/uploads\/2024\/08\/Abbatial-Defile-Concours-de-Machines-300x200.jpeg 300w, https:\/\/prod.reverlesfuturs.com\/wp\/wp-content\/uploads\/2024\/08\/Abbatial-Defile-Concours-de-Machines-768x512.jpeg 768w, https:\/\/prod.reverlesfuturs.com\/wp\/wp-content\/uploads\/2024\/08\/Abbatial-Defile-Concours-de-Machines-1536x1024.jpeg 1536w, https:\/\/prod.reverlesfuturs.com\/wp\/wp-content\/uploads\/2024\/08\/Abbatial-Defile-Concours-de-Machines-113x75.jpeg 113w, https:\/\/prod.reverlesfuturs.com\/wp\/wp-content\/uploads\/2024\/08\/Abbatial-Defile-Concours-de-Machines-480x320.jpeg 480w, https:\/\/prod.reverlesfuturs.com\/wp\/wp-content\/uploads\/2024\/08\/Abbatial-Defile-Concours-de-Machines.jpeg 2048w\" sizes=\"auto, (max-width:767px) 480px, (max-width:1024px) 100vw, 1024px\" \/><\/figure>\n\n\n\n<figure class=\"wp-block-image size-large\"><img loading=\"lazy\" decoding=\"async\" width=\"683\" height=\"1024\" data-id=\"1915\" src=\"https:\/\/prod.reverlesfuturs.com\/wp\/wp-content\/uploads\/2024\/08\/Monument-historique-CMD-24-683x1024.jpeg\" alt=\"\" class=\"wp-image-1915\" srcset=\"https:\/\/prod.reverlesfuturs.com\/wp\/wp-content\/uploads\/2024\/08\/Monument-historique-CMD-24-683x1024.jpeg 683w, https:\/\/prod.reverlesfuturs.com\/wp\/wp-content\/uploads\/2024\/08\/Monument-historique-CMD-24-200x300.jpeg 200w, https:\/\/prod.reverlesfuturs.com\/wp\/wp-content\/uploads\/2024\/08\/Monument-historique-CMD-24-768x1152.jpeg 768w, https:\/\/prod.reverlesfuturs.com\/wp\/wp-content\/uploads\/2024\/08\/Monument-historique-CMD-24-1024x1536.jpeg 1024w, https:\/\/prod.reverlesfuturs.com\/wp\/wp-content\/uploads\/2024\/08\/Monument-historique-CMD-24-50x75.jpeg 50w, https:\/\/prod.reverlesfuturs.com\/wp\/wp-content\/uploads\/2024\/08\/Monument-historique-CMD-24-480x720.jpeg 480w, https:\/\/prod.reverlesfuturs.com\/wp\/wp-content\/uploads\/2024\/08\/Monument-historique-CMD-24.jpeg 1365w\" sizes=\"auto, (max-width:767px) 480px, 683px\" \/><\/figure>\n<\/figure>\n\n\n\n<h2 class=\"wp-block-heading\">L&rsquo;identit\u00e9 visuelle de l&rsquo;\u00e9v\u00e9nement<\/h2>\n\n\n\n<p>Pour&nbsp;l\u2019identit\u00e9 visuelle de cette \u00e9dition 2024, nous nous sommes appuy\u00e9s sur les affiches des \u00e9ditions pr\u00e9c\u00e9dentes pour<strong> conserver l\u2019identit\u00e9 globale<\/strong> du Concours de Machines. L&rsquo;objectif est d&rsquo;<strong>inspirer le th\u00e8me de l\u2019ann\u00e9e 2024&nbsp;\u201cVoyage aux Pyr\u00e9n\u00e9es\u201d<\/strong> : un voyage temporel et spatial \u00e0 l&rsquo;<a href=\"https:\/\/www.abbaye-escaladieu.com\/\" target=\"_blank\" rel=\"noreferrer noopener\">Abbaye de l&rsquo;Escaladieu<\/a>.<\/p>\n\n\n\n<figure class=\"wp-block-gallery has-nested-images columns-default is-cropped wp-block-gallery-2 is-layout-flex wp-block-gallery-is-layout-flex\">\n<figure class=\"wp-block-image size-large\"><img loading=\"lazy\" decoding=\"async\" width=\"596\" height=\"842\" data-id=\"1928\" src=\"https:\/\/prod.reverlesfuturs.com\/wp\/wp-content\/uploads\/2024\/08\/Affiche-CDM-2024-HD-A4.png\" alt=\"L'affiche du Concours de Machines 2024\" class=\"wp-image-1928\" srcset=\"https:\/\/prod.reverlesfuturs.com\/wp\/wp-content\/uploads\/2024\/08\/Affiche-CDM-2024-HD-A4.png 596w, https:\/\/prod.reverlesfuturs.com\/wp\/wp-content\/uploads\/2024\/08\/Affiche-CDM-2024-HD-A4-212x300.png 212w, https:\/\/prod.reverlesfuturs.com\/wp\/wp-content\/uploads\/2024\/08\/Affiche-CDM-2024-HD-A4-53x75.png 53w, https:\/\/prod.reverlesfuturs.com\/wp\/wp-content\/uploads\/2024\/08\/Affiche-CDM-2024-HD-A4-480x678.png 480w\" sizes=\"auto, (max-width:767px) 480px, 596px\" \/><\/figure>\n\n\n\n<figure class=\"wp-block-image size-large\"><img loading=\"lazy\" decoding=\"async\" width=\"1024\" height=\"576\" data-id=\"1951\" src=\"https:\/\/prod.reverlesfuturs.com\/wp\/wp-content\/uploads\/2024\/08\/banderole-1024x576.jpg\" alt=\"Projection identit\u00e9 visuelle banderole\" class=\"wp-image-1951\" srcset=\"https:\/\/prod.reverlesfuturs.com\/wp\/wp-content\/uploads\/2024\/08\/banderole-1024x576.jpg 1024w, https:\/\/prod.reverlesfuturs.com\/wp\/wp-content\/uploads\/2024\/08\/banderole-300x169.jpg 300w, https:\/\/prod.reverlesfuturs.com\/wp\/wp-content\/uploads\/2024\/08\/banderole-768x432.jpg 768w, https:\/\/prod.reverlesfuturs.com\/wp\/wp-content\/uploads\/2024\/08\/banderole-1536x864.jpg 1536w, https:\/\/prod.reverlesfuturs.com\/wp\/wp-content\/uploads\/2024\/08\/banderole-133x75.jpg 133w, https:\/\/prod.reverlesfuturs.com\/wp\/wp-content\/uploads\/2024\/08\/banderole-480x270.jpg 480w, https:\/\/prod.reverlesfuturs.com\/wp\/wp-content\/uploads\/2024\/08\/banderole.jpg 1920w\" sizes=\"auto, (max-width:767px) 480px, (max-width:1024px) 100vw, 1024px\" \/><\/figure>\n<\/figure>\n\n\n\n<p><strong>La recette de l&rsquo;identit\u00e9 visuelle du Concours de Machines 2024<\/strong> :<\/p>\n\n\n\n<h6 class=\"wp-block-heading\">1\/ Conserver un maximum d\u2019\u00e9l\u00e9ments des affiches des pr\u00e9c\u00e9dentes \u00e9ditions<\/h6>\n\n\n\n<ul class=\"wp-block-list\">\n<li><strong>le v\u00e9lo au c\u0153ur de l\u2019affiche<\/strong> associ\u00e9 \u00e0 une typographie manuscrite pour la localisation\/ le th\u00e8me 2024,<\/li>\n\n\n\n<li><strong>l\u2019illustration<\/strong> type dessin d\u00e9taill\u00e9 qui nous parle du lieu,<\/li>\n\n\n\n<li><strong>une seconde typographie<\/strong> plus \u201cm\u00e9canique\u201d pour \u00e9voquer l\u2019artisanat et des illustrations d\u2019outillage,<\/li>\n\n\n\n<li><strong>un duo de couleurs contrast\u00e9<\/strong> et \u00e9l\u00e9gant pour respecter l&rsquo;esprit du lieu.<\/li>\n<\/ul>\n\n\n\n<h6 class=\"wp-block-heading\">2\/ Evoquer le th\u00e8me et l\u2019univers contemplatif du lieu et du voyage<\/h6>\n\n\n\n<ul class=\"wp-block-list\">\n<li><strong>le \u201cvoyage aux Pyr\u00e9n\u00e9es\u201d<\/strong> fait corps, est en osmose avec le v\u00e9lo, la nature et le patrimoine,<\/li>\n\n\n\n<li><strong>le style r\u00e9tro <\/strong>nous fait voyager dans l\u2019espace (fen\u00eatre sur les Pyr\u00e9n\u00e9es) et dans le temps (1er Concours de Machines 1902),<\/li>\n\n\n\n<li><strong>un pack d&rsquo;illustrations<\/strong>.<\/li>\n<\/ul>\n\n\n\n<h6 class=\"wp-block-heading\">3\/ Donner une place plus importante \u00e0 l\u2019Association des Artisans du Cycle<\/h6>\n\n\n\n<ul class=\"wp-block-list\">\n<li><strong>le logo <\/strong>de l\u2019association est au centre de l\u2019affiche pour s\u2019int\u00e9grer au c\u0153ur du v\u00e9lo,<\/li>\n\n\n\n<li><strong>la banni\u00e8re<\/strong> pr\u00e9sente dans le logo se d\u00e9cline pour devenir un \u00e9l\u00e9ment phare de l\u2019identit\u00e9 : le fanion (voyage, rep\u00e8re),<\/li>\n\n\n\n<li><strong>le c\u0153ur de l\u2019affiche \u201cVoyage aux Pyr\u00e9n\u00e9es\u201d<\/strong> fonctionne de fa\u00e7on dissoci\u00e9e et toujours avec le logo de l\u2019association, pour se d\u00e9cliner sur tout support.<\/li>\n<\/ul>\n\n\n\n<figure class=\"wp-block-image size-large\"><img loading=\"lazy\" decoding=\"async\" width=\"1024\" height=\"576\" src=\"https:\/\/prod.reverlesfuturs.com\/wp\/wp-content\/uploads\/2024\/08\/Tickets-1024x576.jpg\" alt=\"Projection visuelle identit\u00e9 Concours de Machines 2024\" class=\"wp-image-1949\" srcset=\"https:\/\/prod.reverlesfuturs.com\/wp\/wp-content\/uploads\/2024\/08\/Tickets-1024x576.jpg 1024w, https:\/\/prod.reverlesfuturs.com\/wp\/wp-content\/uploads\/2024\/08\/Tickets-300x169.jpg 300w, https:\/\/prod.reverlesfuturs.com\/wp\/wp-content\/uploads\/2024\/08\/Tickets-768x432.jpg 768w, https:\/\/prod.reverlesfuturs.com\/wp\/wp-content\/uploads\/2024\/08\/Tickets-1536x864.jpg 1536w, https:\/\/prod.reverlesfuturs.com\/wp\/wp-content\/uploads\/2024\/08\/Tickets-133x75.jpg 133w, https:\/\/prod.reverlesfuturs.com\/wp\/wp-content\/uploads\/2024\/08\/Tickets-480x270.jpg 480w, https:\/\/prod.reverlesfuturs.com\/wp\/wp-content\/uploads\/2024\/08\/Tickets.jpg 1920w\" sizes=\"auto, (max-width:767px) 480px, (max-width:1024px) 100vw, 1024px\" \/><\/figure>\n\n\n\n<p><\/p>\n\n\n\n<h2 class=\"wp-block-heading\">La sc\u00e9nographie et la programmation de l&rsquo;\u00e9v\u00e9nement<\/h2>\n\n\n\n<blockquote class=\"wp-block-quote is-layout-flow wp-block-quote-is-layout-flow\">\n<p><em>\u201cLa magie du lieu et la puret\u00e9 de l\u2019architecture sont une invitation \u00e0 la s\u00e9r\u00e9nit\u00e9 et au voyage.\u201d<\/em> <\/p>\n<\/blockquote>\n\n\n<div class=\"wp-block-image\">\n<figure class=\"aligncenter size-large\"><img loading=\"lazy\" decoding=\"async\" width=\"1024\" height=\"683\" src=\"https:\/\/prod.reverlesfuturs.com\/wp\/wp-content\/uploads\/2024\/08\/Podium-Concours-de-Machines-2024-1024x683.jpg\" alt=\"Laur\u00e9ats Concours de Machines 2024\" class=\"wp-image-1918\" srcset=\"https:\/\/prod.reverlesfuturs.com\/wp\/wp-content\/uploads\/2024\/08\/Podium-Concours-de-Machines-2024-1024x683.jpg 1024w, https:\/\/prod.reverlesfuturs.com\/wp\/wp-content\/uploads\/2024\/08\/Podium-Concours-de-Machines-2024-300x200.jpg 300w, https:\/\/prod.reverlesfuturs.com\/wp\/wp-content\/uploads\/2024\/08\/Podium-Concours-de-Machines-2024-768x512.jpg 768w, https:\/\/prod.reverlesfuturs.com\/wp\/wp-content\/uploads\/2024\/08\/Podium-Concours-de-Machines-2024-113x75.jpg 113w, https:\/\/prod.reverlesfuturs.com\/wp\/wp-content\/uploads\/2024\/08\/Podium-Concours-de-Machines-2024-480x320.jpg 480w, https:\/\/prod.reverlesfuturs.com\/wp\/wp-content\/uploads\/2024\/08\/Podium-Concours-de-Machines-2024.jpg 1224w\" sizes=\"auto, (max-width:767px) 480px, (max-width:1024px) 100vw, 1024px\" \/><figcaption class=\"wp-element-caption\">Photo Crealens<\/figcaption><\/figure><\/div>\n\n\n<p>L&rsquo;<a href=\"https:\/\/www.abbaye-escaladieu.com\/\" target=\"_blank\" rel=\"noreferrer noopener\">Abbaye de l&rsquo;Escaladieu<\/a> \u00e9tait l&rsquo;endroit r\u00eav\u00e9 pour cette \u00e9dition 2024 \u201cVoyage aux Pyr\u00e9n\u00e9es\u201d.<\/p>\n\n\n\n<p>Nous avons aid\u00e9 \u00e0 la <strong>conception d&rsquo;une programmation et d&rsquo;une sc\u00e9nographie de l&rsquo;\u00e9v\u00e9nement<\/strong>. Une visite de  l&rsquo;Abbaye nous a permis de prendre en compte les aspects esth\u00e9tiques, techniques, budg\u00e9taires. Nous avons aussi int\u00e9grer les possibilit\u00e9s d&rsquo;h\u00e9bergement pour le jury et la commision technique. <\/p>\n\n\n\n<p>A l&rsquo;image d&rsquo;un festival de musique, l&rsquo;\u00e9v\u00e9nement se d\u00e9roule en deux parties :<\/p>\n\n\n\n<ul class=\"wp-block-list\">\n<li><strong>Le off la semaine<\/strong> : les artisans pr\u00e9sentent leurs machines et les testent en condition r\u00e9elle lors d&rsquo;une boucle,<\/li>\n\n\n\n<li><strong>Le weekend<\/strong> : le salon de l&rsquo;artisanat du cycle et la remise des prix du Concours, ouvert au grand public.<\/li>\n<\/ul>\n\n\n<div class=\"wp-block-image\">\n<figure class=\"aligncenter size-large\"><img loading=\"lazy\" decoding=\"async\" width=\"1024\" height=\"576\" src=\"https:\/\/prod.reverlesfuturs.com\/wp\/wp-content\/uploads\/2024\/08\/Plan2-1024x576.jpg\" alt=\"Support de communication Concours de Machines\" class=\"wp-image-1955\" srcset=\"https:\/\/prod.reverlesfuturs.com\/wp\/wp-content\/uploads\/2024\/08\/Plan2-1024x576.jpg 1024w, https:\/\/prod.reverlesfuturs.com\/wp\/wp-content\/uploads\/2024\/08\/Plan2-300x169.jpg 300w, https:\/\/prod.reverlesfuturs.com\/wp\/wp-content\/uploads\/2024\/08\/Plan2-768x432.jpg 768w, https:\/\/prod.reverlesfuturs.com\/wp\/wp-content\/uploads\/2024\/08\/Plan2-1536x864.jpg 1536w, https:\/\/prod.reverlesfuturs.com\/wp\/wp-content\/uploads\/2024\/08\/Plan2-133x75.jpg 133w, https:\/\/prod.reverlesfuturs.com\/wp\/wp-content\/uploads\/2024\/08\/Plan2-480x270.jpg 480w, https:\/\/prod.reverlesfuturs.com\/wp\/wp-content\/uploads\/2024\/08\/Plan2.jpg 1920w\" sizes=\"auto, (max-width:767px) 480px, (max-width:1024px) 100vw, 1024px\" \/><\/figure><\/div>\n\n\n<p>Nous avons sc\u00e9naris\u00e9 l&rsquo;espace pour cr\u00e9er une ambiance conviviale avec des espaces d\u00e9di\u00e9s pour \u00ab\u00a0habiter\u00a0\u00bb le lieu :<\/p>\n\n\n\n<ul class=\"wp-block-list\">\n<li><strong>le village vivant<\/strong> avec les stands des artisans et un espace d\u00e9di\u00e9 aux artisans du cycle pyr\u00e9n\u00e9ens<\/li>\n\n\n\n<li>un espace <strong>animations <\/strong>(ADEME&#8230;),<\/li>\n\n\n\n<li>un espace <strong>restauration<\/strong>,<\/li>\n\n\n\n<li>un espace de <strong>d\u00e9ambulation <\/strong>et <strong>yoga des cyclistes<\/strong> dans le parc,<\/li>\n\n\n\n<li>des <strong>espaces pro d\u00e9di\u00e9s<\/strong> \u00e0 la Commission technique, au Jury, au Photobooth, <\/li>\n\n\n\n<li>une <strong>salle mus\u00e9o<\/strong> dans la sacristie qui pr\u00e9sente les machines anciennes des Pyr\u00e9n\u00e9es (collection priv\u00e9e de <a href=\"http:\/\/sports.loucrup65.fr\/museedemarco.htm\">Marc Lebreton<\/a>),<\/li>\n\n\n\n<li><strong>l&rsquo;Abbatial pour l&rsquo;exposition des machines du Concours et la remise des prix.<\/strong><\/li>\n<\/ul>\n\n\n\n<figure class=\"wp-block-gallery has-nested-images columns-default is-cropped wp-block-gallery-3 is-layout-flex wp-block-gallery-is-layout-flex\">\n<figure class=\"wp-block-image size-large\"><img loading=\"lazy\" decoding=\"async\" width=\"640\" height=\"854\" data-id=\"1969\" src=\"https:\/\/prod.reverlesfuturs.com\/wp\/wp-content\/uploads\/2024\/08\/T-shirt-Concours-de-Machines-2024-edited.jpg\" alt=\"T-shirt Concours de Machines 2024\" class=\"wp-image-1969\" srcset=\"https:\/\/prod.reverlesfuturs.com\/wp\/wp-content\/uploads\/2024\/08\/T-shirt-Concours-de-Machines-2024-edited.jpg 640w, https:\/\/prod.reverlesfuturs.com\/wp\/wp-content\/uploads\/2024\/08\/T-shirt-Concours-de-Machines-2024-edited-225x300.jpg 225w, https:\/\/prod.reverlesfuturs.com\/wp\/wp-content\/uploads\/2024\/08\/T-shirt-Concours-de-Machines-2024-edited-56x75.jpg 56w, https:\/\/prod.reverlesfuturs.com\/wp\/wp-content\/uploads\/2024\/08\/T-shirt-Concours-de-Machines-2024-edited-480x641.jpg 480w\" sizes=\"auto, (max-width:767px) 480px, 640px\" \/><figcaption class=\"wp-element-caption\">Le passage Jury<\/figcaption><\/figure>\n\n\n\n<figure class=\"wp-block-image size-large\"><img loading=\"lazy\" decoding=\"async\" width=\"768\" height=\"1024\" data-id=\"1966\" src=\"https:\/\/prod.reverlesfuturs.com\/wp\/wp-content\/uploads\/2024\/08\/Voyage-aux-Pyrenees_Pic-du-midi-768x1024.jpeg\" alt=\"Voyage aux Pyr\u00e9n\u00e9es_Pic du midi\" class=\"wp-image-1966\" srcset=\"https:\/\/prod.reverlesfuturs.com\/wp\/wp-content\/uploads\/2024\/08\/Voyage-aux-Pyrenees_Pic-du-midi-768x1024.jpeg 768w, https:\/\/prod.reverlesfuturs.com\/wp\/wp-content\/uploads\/2024\/08\/Voyage-aux-Pyrenees_Pic-du-midi-225x300.jpeg 225w, https:\/\/prod.reverlesfuturs.com\/wp\/wp-content\/uploads\/2024\/08\/Voyage-aux-Pyrenees_Pic-du-midi-1152x1536.jpeg 1152w, https:\/\/prod.reverlesfuturs.com\/wp\/wp-content\/uploads\/2024\/08\/Voyage-aux-Pyrenees_Pic-du-midi-56x75.jpeg 56w, https:\/\/prod.reverlesfuturs.com\/wp\/wp-content\/uploads\/2024\/08\/Voyage-aux-Pyrenees_Pic-du-midi-480x640.jpeg 480w, https:\/\/prod.reverlesfuturs.com\/wp\/wp-content\/uploads\/2024\/08\/Voyage-aux-Pyrenees_Pic-du-midi.jpeg 1500w\" sizes=\"auto, (max-width:767px) 480px, (max-width:768px) 100vw, 768px\" \/><figcaption class=\"wp-element-caption\">La boucle<\/figcaption><\/figure>\n\n\n\n<figure class=\"wp-block-image size-large\"><img loading=\"lazy\" decoding=\"async\" width=\"768\" height=\"1024\" data-id=\"1965\" src=\"https:\/\/prod.reverlesfuturs.com\/wp\/wp-content\/uploads\/2024\/08\/Remise-des-prix-Concours-de-Machines-2024_defile-768x1024.jpeg\" alt=\"Remise des prix Concours de Machines 2024_d\u00e9fil\u00e9\" class=\"wp-image-1965\" srcset=\"https:\/\/prod.reverlesfuturs.com\/wp\/wp-content\/uploads\/2024\/08\/Remise-des-prix-Concours-de-Machines-2024_defile-768x1024.jpeg 768w, https:\/\/prod.reverlesfuturs.com\/wp\/wp-content\/uploads\/2024\/08\/Remise-des-prix-Concours-de-Machines-2024_defile-225x300.jpeg 225w, https:\/\/prod.reverlesfuturs.com\/wp\/wp-content\/uploads\/2024\/08\/Remise-des-prix-Concours-de-Machines-2024_defile-1152x1536.jpeg 1152w, https:\/\/prod.reverlesfuturs.com\/wp\/wp-content\/uploads\/2024\/08\/Remise-des-prix-Concours-de-Machines-2024_defile-56x75.jpeg 56w, https:\/\/prod.reverlesfuturs.com\/wp\/wp-content\/uploads\/2024\/08\/Remise-des-prix-Concours-de-Machines-2024_defile-480x640.jpeg 480w, https:\/\/prod.reverlesfuturs.com\/wp\/wp-content\/uploads\/2024\/08\/Remise-des-prix-Concours-de-Machines-2024_defile.jpeg 1200w\" sizes=\"auto, (max-width:767px) 480px, (max-width:768px) 100vw, 768px\" \/><figcaption class=\"wp-element-caption\">Le d\u00e9fil\u00e9 -remise des prix<\/figcaption><\/figure>\n<\/figure>\n\n\n\n<h4 class=\"wp-block-heading\">Les points cl\u00e9s de l&rsquo;\u00e9v\u00e9nement :<\/h4>\n\n\n\n<ul class=\"wp-block-list\">\n<li>Pour se fondre dans l&rsquo;univers de l&rsquo;Abbaye de l&rsquo;Escaladieu, nous avons imagin\u00e9<strong> la remise des prix sous forme de d\u00e9fil\u00e9 dans l&rsquo;Abbatiale<\/strong>. L&rsquo;id\u00e9e \u00e9tant d&rsquo;\u00eatre en lien avec l&rsquo;exposition d&rsquo;art contemporain en cours : <a href=\"https:\/\/www.abbaye-escaladieu.com\/exposition-dart-contemporain-2024\/\" target=\"_blank\" rel=\"noreferrer noopener\">\u00ab\u00a0En robe\u00a0\u00bb<\/a>.<\/li>\n\n\n\n<li>Pour <strong>impliquer les Institutions du territoire<\/strong>, une journ\u00e9e institutionnelle sur la fili\u00e8re v\u00e9lo dans les Pyr\u00e9n\u00e9es s&rsquo;est d\u00e9roul\u00e9e le mercredi.<\/li>\n\n\n\n<li>Pour <strong>valoriser l&rsquo;artisanat<\/strong> de mani\u00e8re ludique aupr\u00e8s du grand public, les artisans du cycle pyr\u00e9n\u00e9ens proposeront des <strong>d\u00e9monstrations de savoir-faire<\/strong> &nbsp;(soudage TIG, brasage, rayonnage de roue, r\u00e9paration, travail du bois).<\/li>\n\n\n\n<li><strong>Pour cr\u00e9er un voyage<\/strong> original aux Pyr\u00e9n\u00e9es pour les artisans participant au Concours : cr\u00e9ation d&rsquo;un carnet de voyage pour raconter son exp\u00e9rience,<\/li>\n\n\n\n<li>Pour <strong>un weekend anim\u00e9 \u00e0 destination des passionn\u00e9s et des familles<\/strong>, un programme riche est propos\u00e9 (Social Ride, Yoga des cyclistes, Exposition de Machines anciennes, courses de draisiennes, food truck, cyclo-concert, etc.).<\/li>\n<\/ul>\n\n\n\n\n\n\n\n<h2 class=\"wp-block-heading\">La communication du Concours de Machines 2024<\/h2>\n\n\n\n<p>Au del\u00e0 de la <strong>cr\u00e9ation de l&rsquo;affiche et du programme<\/strong>, nous avons fourni de nombreux supports tels que le <strong><a href=\"https:\/\/www.associationartisansducycle.com\/s\/REGLEMENT-CDM-2024-HD-A4-RECTO-VERSO-6bps.pdf\" target=\"_blank\" rel=\"noreferrer noopener\">r\u00e8glement du CDM 2024<\/a><\/strong>,<strong> <\/strong>le <a href=\"https:\/\/www.associationartisansducycle.com\/s\/CDM24_Exposant-d9hr.pdf\" target=\"_blank\" rel=\"noreferrer noopener\"><strong>dossier et l&rsquo;invitation exposants<\/strong><\/a> (au Salon de l&rsquo;Artisanat), le <strong>Carnet de voyage et les tampons des escales <\/strong>(checkpoints), l&rsquo;<strong>invitation presse<\/strong>, le pied de mail, des visuels pour <strong><a href=\"https:\/\/www.instagram.com\/association_artisans_cycles\/\" target=\"_blank\" rel=\"noreferrer noopener\">Instagram <\/a><\/strong>(reel, post), <strong>panneau A0<\/strong> (plan et planning).<\/p>\n\n\n\n<figure class=\"wp-block-gallery has-nested-images columns-default is-cropped wp-block-gallery-4 is-layout-flex wp-block-gallery-is-layout-flex\">\n<figure class=\"wp-block-image size-large\"><img loading=\"lazy\" decoding=\"async\" width=\"1024\" height=\"576\" data-id=\"1952\" src=\"https:\/\/prod.reverlesfuturs.com\/wp\/wp-content\/uploads\/2024\/08\/carnet-1024x576.jpg\" alt=\"Carnet de voyage\" class=\"wp-image-1952\" srcset=\"https:\/\/prod.reverlesfuturs.com\/wp\/wp-content\/uploads\/2024\/08\/carnet-1024x576.jpg 1024w, https:\/\/prod.reverlesfuturs.com\/wp\/wp-content\/uploads\/2024\/08\/carnet-300x169.jpg 300w, https:\/\/prod.reverlesfuturs.com\/wp\/wp-content\/uploads\/2024\/08\/carnet-768x432.jpg 768w, https:\/\/prod.reverlesfuturs.com\/wp\/wp-content\/uploads\/2024\/08\/carnet-1536x864.jpg 1536w, https:\/\/prod.reverlesfuturs.com\/wp\/wp-content\/uploads\/2024\/08\/carnet-133x75.jpg 133w, https:\/\/prod.reverlesfuturs.com\/wp\/wp-content\/uploads\/2024\/08\/carnet-480x270.jpg 480w, https:\/\/prod.reverlesfuturs.com\/wp\/wp-content\/uploads\/2024\/08\/carnet.jpg 1920w\" sizes=\"auto, (max-width:767px) 480px, (max-width:1024px) 100vw, 1024px\" \/><\/figure>\n\n\n\n<figure class=\"wp-block-image size-large\"><img loading=\"lazy\" decoding=\"async\" width=\"639\" height=\"732\" data-id=\"1968\" src=\"https:\/\/prod.reverlesfuturs.com\/wp\/wp-content\/uploads\/2024\/08\/Voyage-aux-Pyrenees-CDM-24-e1723568092874-edited.jpg\" alt=\"Voyage aux Pyr\u00e9n\u00e9es\" class=\"wp-image-1968\" srcset=\"https:\/\/prod.reverlesfuturs.com\/wp\/wp-content\/uploads\/2024\/08\/Voyage-aux-Pyrenees-CDM-24-e1723568092874-edited.jpg 639w, https:\/\/prod.reverlesfuturs.com\/wp\/wp-content\/uploads\/2024\/08\/Voyage-aux-Pyrenees-CDM-24-e1723568092874-edited-262x300.jpg 262w, https:\/\/prod.reverlesfuturs.com\/wp\/wp-content\/uploads\/2024\/08\/Voyage-aux-Pyrenees-CDM-24-e1723568092874-edited-65x75.jpg 65w, https:\/\/prod.reverlesfuturs.com\/wp\/wp-content\/uploads\/2024\/08\/Voyage-aux-Pyrenees-CDM-24-e1723568092874-edited-480x550.jpg 480w\" sizes=\"auto, (max-width:767px) 480px, 639px\" \/><\/figure>\n<\/figure>\n\n\n\n<p>Pour soutenir l&rsquo;\u00e9quipe organisatrice et structurer la communication, nous avons livr\u00e9 <strong>un plan de communication<\/strong> d\u00e9taill\u00e9. Celui ci comprenait <strong>4 phases <\/strong>: lancement, relance, intensification et restitution.<\/p>\n\n\n<div class=\"wp-block-image\">\n<figure class=\"aligncenter size-large\"><img loading=\"lazy\" decoding=\"async\" width=\"1024\" height=\"683\" src=\"https:\/\/prod.reverlesfuturs.com\/wp\/wp-content\/uploads\/2024\/08\/plan-com-1024x683.jpg\" alt=\"Plan de communication Concours de Machines\" class=\"wp-image-1954\" srcset=\"https:\/\/prod.reverlesfuturs.com\/wp\/wp-content\/uploads\/2024\/08\/plan-com-1024x683.jpg 1024w, https:\/\/prod.reverlesfuturs.com\/wp\/wp-content\/uploads\/2024\/08\/plan-com-300x200.jpg 300w, https:\/\/prod.reverlesfuturs.com\/wp\/wp-content\/uploads\/2024\/08\/plan-com-768x512.jpg 768w, https:\/\/prod.reverlesfuturs.com\/wp\/wp-content\/uploads\/2024\/08\/plan-com-1536x1024.jpg 1536w, https:\/\/prod.reverlesfuturs.com\/wp\/wp-content\/uploads\/2024\/08\/plan-com-113x75.jpg 113w, https:\/\/prod.reverlesfuturs.com\/wp\/wp-content\/uploads\/2024\/08\/plan-com-480x320.jpg 480w, https:\/\/prod.reverlesfuturs.com\/wp\/wp-content\/uploads\/2024\/08\/plan-com.jpg 1920w\" sizes=\"auto, (max-width:767px) 480px, (max-width:1024px) 100vw, 1024px\" \/><\/figure><\/div>\n\n\n<h4 class=\"wp-block-heading\">Le kit de communication<\/h4>\n\n\n\n<p>Sur la base de ce plan de communication, nous avons fourni les \u00e9l\u00e9ments n\u00e9cessaires \u00e0 sa bonne ex\u00e9cution, \u00e0 savoir <strong>un kit de communication<\/strong>. Tous les membres de l&rsquo;association peuvent utiliser simplement ce kit pour relayer, embarquer, partager. Il comprend :<\/p>\n\n\n\n<ul class=\"wp-block-list\">\n<li><strong>Un dossier de pr\u00e9sentation<\/strong>, <\/li>\n\n\n\n<li><strong>Un<a href=\"https:\/\/www.associationartisansducycle.com\/s\/CDM24_Exposant-d9hr.pdf\" target=\"_blank\" rel=\"noreferrer noopener\"> dossier partenaire<\/a><\/strong> (recherche de partenaires financiers et points de d\u00e9part \u00e0 v\u00e9lo jusqu&rsquo;\u00e0 l&rsquo;\u00e9v\u00e9nement&#8230;),<\/li>\n\n\n\n<li><strong>Un communiqu\u00e9 et <a href=\"https:\/\/www.associationartisansducycle.com\/s\/CDM24_Presse_juin.pdf\" target=\"_blank\" rel=\"noreferrer noopener\">un dossier de presse<\/a><\/strong>,<\/li>\n\n\n\n<li><strong>Des supports visuels accompagn\u00e9s de textes<\/strong> pr\u00eats \u00e0 l&#8217;emploi et personnalisable (point de d\u00e9part \u00e0 v\u00e9lo, post r\u00e9seaux sociaux, mailing, etc.),<\/li>\n\n\n\n<li><strong>Des affiches imprim\u00e9es<\/strong> au format A4,<\/li>\n<\/ul>\n\n\n\n<h4 class=\"wp-block-heading\">La dynamique pyr\u00e9n\u00e9enne<\/h4>\n\n\n\n<p>Engag\u00e9s \u00e0 titre b\u00e9n\u00e9voles aupr\u00e8s des artisans du cycle pyr\u00e9n\u00e9ens, nous avons \u00e9galement aider \u00e0 :<\/p>\n\n\n\n<ul class=\"wp-block-list\">\n<li><strong>la tenue d&rsquo;une <a href=\"https:\/\/www.linkedin.com\/posts\/rever-les-futurs_presse-presse-journalisme-activity-7206310598773501952-L0h9?utm_source=share&amp;utm_medium=member_desktop\" target=\"_blank\" rel=\"noreferrer noopener\">conf\u00e9rence de presse locale<\/a><\/strong>, en partenariat avec la mairie de Bagn\u00e8res-de-Bigorre, Chez Octave, la Maison du v\u00e9lo,<\/li>\n\n\n\n<li><strong>la recherche de partenaires financiers<\/strong>,<\/li>\n\n\n\n<li><strong>le lien avec les partenaires et les prestataires locaux<\/strong>,<\/li>\n\n\n\n<li><strong>les relations<\/strong> <strong>imprimeur <\/strong>et le <strong>Fab&rsquo;Lab<\/strong> (fabrication des tampons avec R\u00e9mi),<\/li>\n\n\n\n<li><strong>la mise au format pour des produits d\u00e9riv\u00e9s<\/strong> (t-shirt) et <strong>la cr\u00e9ation du fichier pour la d\u00e9coupe laser des Troph\u00e9es du Concours<\/strong> r\u00e9alis\u00e9s par l&rsquo;\u00e9quipe de MILC,<\/li>\n<\/ul>\n\n\n\n<figure class=\"wp-block-gallery has-nested-images columns-default is-cropped wp-block-gallery-5 is-layout-flex wp-block-gallery-is-layout-flex\">\n<figure class=\"wp-block-image size-full\"><img loading=\"lazy\" decoding=\"async\" width=\"639\" height=\"814\" data-id=\"1935\" src=\"https:\/\/prod.reverlesfuturs.com\/wp\/wp-content\/uploads\/2024\/08\/Tampons-escales-CDM-e1723554030135-edited-1.jpg\" alt=\"Cr\u00e9ation tampon checkpoint\" class=\"wp-image-1935\" srcset=\"https:\/\/prod.reverlesfuturs.com\/wp\/wp-content\/uploads\/2024\/08\/Tampons-escales-CDM-e1723554030135-edited-1.jpg 639w, https:\/\/prod.reverlesfuturs.com\/wp\/wp-content\/uploads\/2024\/08\/Tampons-escales-CDM-e1723554030135-edited-1-236x300.jpg 236w, https:\/\/prod.reverlesfuturs.com\/wp\/wp-content\/uploads\/2024\/08\/Tampons-escales-CDM-e1723554030135-edited-1-59x75.jpg 59w, https:\/\/prod.reverlesfuturs.com\/wp\/wp-content\/uploads\/2024\/08\/Tampons-escales-CDM-e1723554030135-edited-1-480x611.jpg 480w\" sizes=\"auto, (max-width:767px) 480px, 639px\" \/><\/figure>\n\n\n\n<figure class=\"wp-block-image size-large\"><img loading=\"lazy\" decoding=\"async\" width=\"639\" height=\"814\" data-id=\"1936\" src=\"https:\/\/prod.reverlesfuturs.com\/wp\/wp-content\/uploads\/2024\/08\/Recit-de-voyage-CDM-24-e1723554051545-edited.jpg\" alt=\"R\u00e9cit de voyage\" class=\"wp-image-1936\" srcset=\"https:\/\/prod.reverlesfuturs.com\/wp\/wp-content\/uploads\/2024\/08\/Recit-de-voyage-CDM-24-e1723554051545-edited.jpg 639w, https:\/\/prod.reverlesfuturs.com\/wp\/wp-content\/uploads\/2024\/08\/Recit-de-voyage-CDM-24-e1723554051545-edited-236x300.jpg 236w, https:\/\/prod.reverlesfuturs.com\/wp\/wp-content\/uploads\/2024\/08\/Recit-de-voyage-CDM-24-e1723554051545-edited-59x75.jpg 59w, https:\/\/prod.reverlesfuturs.com\/wp\/wp-content\/uploads\/2024\/08\/Recit-de-voyage-CDM-24-e1723554051545-edited-480x611.jpg 480w\" sizes=\"auto, (max-width:767px) 480px, 639px\" \/><\/figure>\n\n\n\n<figure class=\"wp-block-image size-large\"><img loading=\"lazy\" decoding=\"async\" width=\"639\" height=\"814\" data-id=\"1939\" src=\"https:\/\/prod.reverlesfuturs.com\/wp\/wp-content\/uploads\/2024\/08\/Carnet-de-voyage-CDM-24-e1723554071640-edited.jpg\" alt=\"Carnet de voyage aux Pyr\u00e9n\u00e9es\" class=\"wp-image-1939\" srcset=\"https:\/\/prod.reverlesfuturs.com\/wp\/wp-content\/uploads\/2024\/08\/Carnet-de-voyage-CDM-24-e1723554071640-edited.jpg 639w, https:\/\/prod.reverlesfuturs.com\/wp\/wp-content\/uploads\/2024\/08\/Carnet-de-voyage-CDM-24-e1723554071640-edited-236x300.jpg 236w, https:\/\/prod.reverlesfuturs.com\/wp\/wp-content\/uploads\/2024\/08\/Carnet-de-voyage-CDM-24-e1723554071640-edited-59x75.jpg 59w, https:\/\/prod.reverlesfuturs.com\/wp\/wp-content\/uploads\/2024\/08\/Carnet-de-voyage-CDM-24-e1723554071640-edited-480x611.jpg 480w\" sizes=\"auto, (max-width:767px) 480px, 639px\" \/><\/figure>\n<\/figure>\n\n\n\n<figure class=\"wp-block-gallery aligncenter has-nested-images columns-default is-cropped wp-block-gallery-6 is-layout-flex wp-block-gallery-is-layout-flex\">\n<figure class=\"wp-block-image size-large\"><img loading=\"lazy\" decoding=\"async\" width=\"1024\" height=\"683\" data-id=\"1916\" src=\"https:\/\/prod.reverlesfuturs.com\/wp\/wp-content\/uploads\/2024\/08\/Bagagerie-Trophees-CDM-24-1024x683.jpg\" alt=\"Troph\u00e9es bagagerie CDM 24\" class=\"wp-image-1916\" srcset=\"https:\/\/prod.reverlesfuturs.com\/wp\/wp-content\/uploads\/2024\/08\/Bagagerie-Trophees-CDM-24-1024x683.jpg 1024w, https:\/\/prod.reverlesfuturs.com\/wp\/wp-content\/uploads\/2024\/08\/Bagagerie-Trophees-CDM-24-300x200.jpg 300w, https:\/\/prod.reverlesfuturs.com\/wp\/wp-content\/uploads\/2024\/08\/Bagagerie-Trophees-CDM-24-768x512.jpg 768w, https:\/\/prod.reverlesfuturs.com\/wp\/wp-content\/uploads\/2024\/08\/Bagagerie-Trophees-CDM-24-113x75.jpg 113w, https:\/\/prod.reverlesfuturs.com\/wp\/wp-content\/uploads\/2024\/08\/Bagagerie-Trophees-CDM-24-480x320.jpg 480w, https:\/\/prod.reverlesfuturs.com\/wp\/wp-content\/uploads\/2024\/08\/Bagagerie-Trophees-CDM-24.jpg 1224w\" sizes=\"auto, (max-width:767px) 480px, (max-width:1024px) 100vw, 1024px\" \/><figcaption class=\"wp-element-caption\">Photo Crealens<\/figcaption><\/figure>\n<\/figure>\n\n\n\n<p>Nous tenons \u00e0 remercier et \u00e0 f\u00e9liciter l&rsquo;\u00e9quipe de l&rsquo;<a href=\"https:\/\/www.associationartisansducycle.com\/\" target=\"_blank\" rel=\"noreferrer noopener\">Association des Artisans du Cycle<\/a> et tout particuli\u00e8rement <strong>R\u00e9mi Couderc<\/strong> de <a href=\"https:\/\/www.reverlesfuturs.com\/blog\/identite-de-marque-soum-le-velo-made-in-pyrenees\/\" target=\"_blank\" rel=\"noreferrer noopener\">SOUM Cycle<\/a> pour son implication b\u00e9n\u00e9vole dans l&rsquo;organisation de ce tr\u00e8s bel \u00e9v\u00e9nement. <\/p>\n\n\n\n<figure class=\"wp-block-gallery has-nested-images columns-default is-cropped wp-block-gallery-7 is-layout-flex wp-block-gallery-is-layout-flex\">\n<figure class=\"wp-block-image size-large\"><img loading=\"lazy\" decoding=\"async\" width=\"1024\" height=\"683\" data-id=\"1953\" src=\"https:\/\/prod.reverlesfuturs.com\/wp\/wp-content\/uploads\/2024\/08\/drapeau-1024x683.jpg\" alt=\"Fanion Flashpacking\" class=\"wp-image-1953\" srcset=\"https:\/\/prod.reverlesfuturs.com\/wp\/wp-content\/uploads\/2024\/08\/drapeau-1024x683.jpg 1024w, https:\/\/prod.reverlesfuturs.com\/wp\/wp-content\/uploads\/2024\/08\/drapeau-300x200.jpg 300w, https:\/\/prod.reverlesfuturs.com\/wp\/wp-content\/uploads\/2024\/08\/drapeau-768x512.jpg 768w, https:\/\/prod.reverlesfuturs.com\/wp\/wp-content\/uploads\/2024\/08\/drapeau-1536x1024.jpg 1536w, https:\/\/prod.reverlesfuturs.com\/wp\/wp-content\/uploads\/2024\/08\/drapeau-113x75.jpg 113w, https:\/\/prod.reverlesfuturs.com\/wp\/wp-content\/uploads\/2024\/08\/drapeau-480x320.jpg 480w, https:\/\/prod.reverlesfuturs.com\/wp\/wp-content\/uploads\/2024\/08\/drapeau.jpg 1920w\" sizes=\"auto, (max-width:767px) 480px, (max-width:1024px) 100vw, 1024px\" \/><figcaption class=\"wp-element-caption\">Flashpacking<\/figcaption><\/figure>\n\n\n\n<figure class=\"wp-block-image size-large\"><img loading=\"lazy\" decoding=\"async\" width=\"885\" height=\"500\" data-id=\"1964\" src=\"https:\/\/prod.reverlesfuturs.com\/wp\/wp-content\/uploads\/2024\/08\/Conference-de-presse-Concours-de-Machines-2024.jpg\" alt=\"Conf\u00e9rence de presse Concours de Machines 2024\" class=\"wp-image-1964\" srcset=\"https:\/\/prod.reverlesfuturs.com\/wp\/wp-content\/uploads\/2024\/08\/Conference-de-presse-Concours-de-Machines-2024.jpg 885w, https:\/\/prod.reverlesfuturs.com\/wp\/wp-content\/uploads\/2024\/08\/Conference-de-presse-Concours-de-Machines-2024-300x169.jpg 300w, https:\/\/prod.reverlesfuturs.com\/wp\/wp-content\/uploads\/2024\/08\/Conference-de-presse-Concours-de-Machines-2024-768x434.jpg 768w, https:\/\/prod.reverlesfuturs.com\/wp\/wp-content\/uploads\/2024\/08\/Conference-de-presse-Concours-de-Machines-2024-133x75.jpg 133w, https:\/\/prod.reverlesfuturs.com\/wp\/wp-content\/uploads\/2024\/08\/Conference-de-presse-Concours-de-Machines-2024-480x271.jpg 480w\" sizes=\"auto, (max-width:767px) 480px, (max-width:885px) 100vw, 885px\" \/><figcaption class=\"wp-element-caption\">Conf\u00e9rence de presse<\/figcaption><\/figure>\n<\/figure>\n\n\n\n<p><strong>Au studio <a href=\"http:\/\/www.reverlesfuturs.com\" target=\"_blank\" rel=\"noreferrer noopener\">R\u00eaver les Futurs<\/a>, <\/strong>nous accompagnons les associations qui s&rsquo;engagent pour soutenir et valoriser des collectifs. Pour nous, accompagner l&rsquo;<a href=\"https:\/\/www.associationartisansducycle.com\/\" target=\"_blank\" rel=\"noreferrer noopener\">Association des Artisans du Cycle<\/a>, c\u2019est participer \u00e0 <strong>valoriser la fabrication de cycle fran\u00e7aise<\/strong> (\u00ab\u00a0made in France\u00a0\u00bb) et donc mettre en lumi\u00e8re les artisans qui s&rsquo;engagent pour des produits qualitatifs et durables.<\/p>\n\n\n\n<p><strong>Vous voulez r\u00eaver encore un peu ?<\/strong><\/p>\n\n\n\n<ul class=\"wp-block-list\">\n<li>D\u00e9couvrir d\u2019autres cr\u00e9ations du studio sur <a href=\"https:\/\/www.reverlesfuturs.com\/portfolio.html\" target=\"_blank\" rel=\"noreferrer noopener\">le portfolio<\/a>.<\/li>\n\n\n\n<li>Suivre l\u2019actualit\u00e9 du studio cr\u00e9atif sur <a href=\"https:\/\/www.linkedin.com\/company\/rever-les-futurs\/\" target=\"_blank\" rel=\"noreferrer noopener\">Linkedin<\/a> et <a href=\"https:\/\/www.instagram.com\/reverlesfuturs\/\" target=\"_blank\" rel=\"noreferrer noopener\">Instagram<\/a>.<\/li>\n\n\n\n<li><a href=\"https:\/\/www.reverlesfuturs.com\/contact.html\" target=\"_blank\" rel=\"noreferrer noopener\">Contacter l\u2019\u00e9quipe pour R\u00eaver les Futurs !<\/a><\/li>\n<\/ul>\n","protected":false},"excerpt":{"rendered":"<p>Organis\u00e9 par l&rsquo;association fran\u00e7aise des artisans du cycle, nous avons particip\u00e9 \u00e0 la communication de l&rsquo;\u00e9v\u00e9nement Concours de Machines 2024, \u00ab\u00a0Voyage aux Pyr\u00e9n\u00e9es\u00a0\u00bb.<\/p>\n","protected":false},"author":1,"featured_media":1949,"comment_status":"closed","ping_status":"closed","sticky":false,"template":"","format":"standard","meta":{"footnotes":""},"categories":[6],"tags":[31,56,61,67,115],"class_list":["post-1896","post","type-post","status-publish","format-standard","has-post-thumbnail","hentry","category-portfolio","tag-communication","tag-evenementiel","tag-graphisme","tag-identite-visuelle","tag-scenographie"],"yoast_head":"<!-- This site is optimized with the Yoast SEO plugin v26.8 - https:\/\/yoast.com\/product\/yoast-seo-wordpress\/ -->\n<title>Concours de Machines 2024 : un \u00e9v\u00e9nement pyr\u00e9n\u00e9en - BLOG<\/title>\n<meta name=\"description\" content=\"Organis\u00e9 par l&#039;association des artisans du cycle, nous avons particip\u00e9 \u00e0 la communication de l&#039;\u00e9v\u00e9nement Concours de Machines 2024.\" \/>\n<meta name=\"robots\" content=\"index, follow, max-snippet:-1, max-image-preview:large, max-video-preview:-1\" \/>\n<link rel=\"canonical\" href=\"https:\/\/prod.reverlesfuturs.com\/wp\/evenement-pyreneen-concours-de-machines\/\" \/>\n<meta property=\"og:locale\" content=\"fr_FR\" \/>\n<meta property=\"og:type\" content=\"article\" \/>\n<meta property=\"og:title\" content=\"Concours de Machines 2024 : un \u00e9v\u00e9nement pyr\u00e9n\u00e9en - BLOG\" \/>\n<meta property=\"og:description\" content=\"Organis\u00e9 par l&#039;association des artisans du cycle, nous avons particip\u00e9 \u00e0 la communication de l&#039;\u00e9v\u00e9nement Concours de Machines 2024.\" \/>\n<meta property=\"og:url\" content=\"https:\/\/prod.reverlesfuturs.com\/wp\/evenement-pyreneen-concours-de-machines\/\" \/>\n<meta property=\"og:site_name\" content=\"BLOG\" \/>\n<meta property=\"article:published_time\" content=\"2024-08-13T17:51:59+00:00\" \/>\n<meta property=\"og:image\" content=\"https:\/\/prod.reverlesfuturs.com\/wp\/wp-content\/uploads\/2024\/08\/Tickets.jpg\" \/>\n\t<meta property=\"og:image:width\" content=\"1920\" \/>\n\t<meta property=\"og:image:height\" content=\"1080\" \/>\n\t<meta property=\"og:image:type\" content=\"image\/jpeg\" \/>\n<meta name=\"author\" content=\"La\u00ebtitia Geneyton\" \/>\n<meta name=\"twitter:card\" content=\"summary_large_image\" \/>\n<meta name=\"twitter:label1\" content=\"\u00c9crit par\" \/>\n\t<meta name=\"twitter:data1\" content=\"La\u00ebtitia Geneyton\" \/>\n\t<meta name=\"twitter:label2\" content=\"Dur\u00e9e de lecture estim\u00e9e\" \/>\n\t<meta name=\"twitter:data2\" content=\"6 minutes\" \/>\n<script type=\"application\/ld+json\" class=\"yoast-schema-graph\">{\"@context\":\"https:\/\/schema.org\",\"@graph\":[{\"@type\":\"Article\",\"@id\":\"https:\/\/prod.reverlesfuturs.com\/wp\/evenement-pyreneen-concours-de-machines\/#article\",\"isPartOf\":{\"@id\":\"https:\/\/prod.reverlesfuturs.com\/wp\/evenement-pyreneen-concours-de-machines\/\"},\"author\":{\"name\":\"La\u00ebtitia Geneyton\",\"@id\":\"https:\/\/prod.reverlesfuturs.com\/wp\/#\/schema\/person\/a279f313b9ab018172227854e3ea6564\"},\"headline\":\"Concours de Machines 2024 : un \u00e9v\u00e9nement pyr\u00e9n\u00e9en\",\"datePublished\":\"2024-08-13T17:51:59+00:00\",\"mainEntityOfPage\":{\"@id\":\"https:\/\/prod.reverlesfuturs.com\/wp\/evenement-pyreneen-concours-de-machines\/\"},\"wordCount\":1323,\"image\":{\"@id\":\"https:\/\/prod.reverlesfuturs.com\/wp\/evenement-pyreneen-concours-de-machines\/#primaryimage\"},\"thumbnailUrl\":\"https:\/\/prod.reverlesfuturs.com\/wp\/wp-content\/uploads\/2024\/08\/Tickets.jpg\",\"keywords\":[\"communication\",\"Evenementiel\",\"graphisme\",\"Identit\u00e9 visuelle\",\"sc\u00e9nographie\"],\"articleSection\":[\"Portfolio\"],\"inLanguage\":\"fr-FR\"},{\"@type\":\"WebPage\",\"@id\":\"https:\/\/prod.reverlesfuturs.com\/wp\/evenement-pyreneen-concours-de-machines\/\",\"url\":\"https:\/\/prod.reverlesfuturs.com\/wp\/evenement-pyreneen-concours-de-machines\/\",\"name\":\"Concours de Machines 2024 : un \u00e9v\u00e9nement pyr\u00e9n\u00e9en - BLOG\",\"isPartOf\":{\"@id\":\"https:\/\/prod.reverlesfuturs.com\/wp\/#website\"},\"primaryImageOfPage\":{\"@id\":\"https:\/\/prod.reverlesfuturs.com\/wp\/evenement-pyreneen-concours-de-machines\/#primaryimage\"},\"image\":{\"@id\":\"https:\/\/prod.reverlesfuturs.com\/wp\/evenement-pyreneen-concours-de-machines\/#primaryimage\"},\"thumbnailUrl\":\"https:\/\/prod.reverlesfuturs.com\/wp\/wp-content\/uploads\/2024\/08\/Tickets.jpg\",\"datePublished\":\"2024-08-13T17:51:59+00:00\",\"author\":{\"@id\":\"https:\/\/prod.reverlesfuturs.com\/wp\/#\/schema\/person\/a279f313b9ab018172227854e3ea6564\"},\"description\":\"Organis\u00e9 par l'association des artisans du cycle, nous avons particip\u00e9 \u00e0 la communication de l'\u00e9v\u00e9nement Concours de Machines 2024.\",\"breadcrumb\":{\"@id\":\"https:\/\/prod.reverlesfuturs.com\/wp\/evenement-pyreneen-concours-de-machines\/#breadcrumb\"},\"inLanguage\":\"fr-FR\",\"potentialAction\":[{\"@type\":\"ReadAction\",\"target\":[\"https:\/\/prod.reverlesfuturs.com\/wp\/evenement-pyreneen-concours-de-machines\/\"]}]},{\"@type\":\"ImageObject\",\"inLanguage\":\"fr-FR\",\"@id\":\"https:\/\/prod.reverlesfuturs.com\/wp\/evenement-pyreneen-concours-de-machines\/#primaryimage\",\"url\":\"https:\/\/prod.reverlesfuturs.com\/wp\/wp-content\/uploads\/2024\/08\/Tickets.jpg\",\"contentUrl\":\"https:\/\/prod.reverlesfuturs.com\/wp\/wp-content\/uploads\/2024\/08\/Tickets.jpg\",\"width\":1920,\"height\":1080,\"caption\":\"Projection visuelle identit\u00e9 Concours de Machines 2024\"},{\"@type\":\"BreadcrumbList\",\"@id\":\"https:\/\/prod.reverlesfuturs.com\/wp\/evenement-pyreneen-concours-de-machines\/#breadcrumb\",\"itemListElement\":[{\"@type\":\"ListItem\",\"position\":1,\"name\":\"Accueil\",\"item\":\"https:\/\/prod.reverlesfuturs.com\/wp\/\"},{\"@type\":\"ListItem\",\"position\":2,\"name\":\"Concours de Machines 2024 : un \u00e9v\u00e9nement pyr\u00e9n\u00e9en\"}]},{\"@type\":\"WebSite\",\"@id\":\"https:\/\/prod.reverlesfuturs.com\/wp\/#website\",\"url\":\"https:\/\/prod.reverlesfuturs.com\/wp\/\",\"name\":\"BLOG\",\"description\":\"Studio cr\u00e9atif d&#039;ecocommunication pour r\u00eaver les Futurs !\",\"potentialAction\":[{\"@type\":\"SearchAction\",\"target\":{\"@type\":\"EntryPoint\",\"urlTemplate\":\"https:\/\/prod.reverlesfuturs.com\/wp\/?s={search_term_string}\"},\"query-input\":{\"@type\":\"PropertyValueSpecification\",\"valueRequired\":true,\"valueName\":\"search_term_string\"}}],\"inLanguage\":\"fr-FR\"},{\"@type\":\"Person\",\"@id\":\"https:\/\/prod.reverlesfuturs.com\/wp\/#\/schema\/person\/a279f313b9ab018172227854e3ea6564\",\"name\":\"La\u00ebtitia Geneyton\",\"image\":{\"@type\":\"ImageObject\",\"inLanguage\":\"fr-FR\",\"@id\":\"https:\/\/prod.reverlesfuturs.com\/wp\/#\/schema\/person\/image\/\",\"url\":\"https:\/\/secure.gravatar.com\/avatar\/526490ddaa310be58632c97abcf41386?s=96&d=mm&r=g\",\"contentUrl\":\"https:\/\/secure.gravatar.com\/avatar\/526490ddaa310be58632c97abcf41386?s=96&d=mm&r=g\",\"caption\":\"La\u00ebtitia Geneyton\"},\"sameAs\":[\"https:\/\/prod.reverlesfuturs.com\/wp\"],\"url\":\"https:\/\/prod.reverlesfuturs.com\/wp\/author\/rlf_\/\"}]}<\/script>\n<!-- \/ Yoast SEO plugin. -->","yoast_head_json":{"title":"Concours de Machines 2024 : un \u00e9v\u00e9nement pyr\u00e9n\u00e9en - BLOG","description":"Organis\u00e9 par l'association des artisans du cycle, nous avons particip\u00e9 \u00e0 la communication de l'\u00e9v\u00e9nement Concours de Machines 2024.","robots":{"index":"index","follow":"follow","max-snippet":"max-snippet:-1","max-image-preview":"max-image-preview:large","max-video-preview":"max-video-preview:-1"},"canonical":"https:\/\/prod.reverlesfuturs.com\/wp\/evenement-pyreneen-concours-de-machines\/","og_locale":"fr_FR","og_type":"article","og_title":"Concours de Machines 2024 : un \u00e9v\u00e9nement pyr\u00e9n\u00e9en - BLOG","og_description":"Organis\u00e9 par l'association des artisans du cycle, nous avons particip\u00e9 \u00e0 la communication de l'\u00e9v\u00e9nement Concours de Machines 2024.","og_url":"https:\/\/prod.reverlesfuturs.com\/wp\/evenement-pyreneen-concours-de-machines\/","og_site_name":"BLOG","article_published_time":"2024-08-13T17:51:59+00:00","og_image":[{"width":1920,"height":1080,"url":"https:\/\/prod.reverlesfuturs.com\/wp\/wp-content\/uploads\/2024\/08\/Tickets.jpg","type":"image\/jpeg"}],"author":"La\u00ebtitia Geneyton","twitter_card":"summary_large_image","twitter_misc":{"\u00c9crit par":"La\u00ebtitia Geneyton","Dur\u00e9e de lecture estim\u00e9e":"6 minutes"},"schema":{"@context":"https:\/\/schema.org","@graph":[{"@type":"Article","@id":"https:\/\/prod.reverlesfuturs.com\/wp\/evenement-pyreneen-concours-de-machines\/#article","isPartOf":{"@id":"https:\/\/prod.reverlesfuturs.com\/wp\/evenement-pyreneen-concours-de-machines\/"},"author":{"name":"La\u00ebtitia Geneyton","@id":"https:\/\/prod.reverlesfuturs.com\/wp\/#\/schema\/person\/a279f313b9ab018172227854e3ea6564"},"headline":"Concours de Machines 2024 : un \u00e9v\u00e9nement pyr\u00e9n\u00e9en","datePublished":"2024-08-13T17:51:59+00:00","mainEntityOfPage":{"@id":"https:\/\/prod.reverlesfuturs.com\/wp\/evenement-pyreneen-concours-de-machines\/"},"wordCount":1323,"image":{"@id":"https:\/\/prod.reverlesfuturs.com\/wp\/evenement-pyreneen-concours-de-machines\/#primaryimage"},"thumbnailUrl":"https:\/\/prod.reverlesfuturs.com\/wp\/wp-content\/uploads\/2024\/08\/Tickets.jpg","keywords":["communication","Evenementiel","graphisme","Identit\u00e9 visuelle","sc\u00e9nographie"],"articleSection":["Portfolio"],"inLanguage":"fr-FR"},{"@type":"WebPage","@id":"https:\/\/prod.reverlesfuturs.com\/wp\/evenement-pyreneen-concours-de-machines\/","url":"https:\/\/prod.reverlesfuturs.com\/wp\/evenement-pyreneen-concours-de-machines\/","name":"Concours de Machines 2024 : un \u00e9v\u00e9nement pyr\u00e9n\u00e9en - BLOG","isPartOf":{"@id":"https:\/\/prod.reverlesfuturs.com\/wp\/#website"},"primaryImageOfPage":{"@id":"https:\/\/prod.reverlesfuturs.com\/wp\/evenement-pyreneen-concours-de-machines\/#primaryimage"},"image":{"@id":"https:\/\/prod.reverlesfuturs.com\/wp\/evenement-pyreneen-concours-de-machines\/#primaryimage"},"thumbnailUrl":"https:\/\/prod.reverlesfuturs.com\/wp\/wp-content\/uploads\/2024\/08\/Tickets.jpg","datePublished":"2024-08-13T17:51:59+00:00","author":{"@id":"https:\/\/prod.reverlesfuturs.com\/wp\/#\/schema\/person\/a279f313b9ab018172227854e3ea6564"},"description":"Organis\u00e9 par l'association des artisans du cycle, nous avons particip\u00e9 \u00e0 la communication de l'\u00e9v\u00e9nement Concours de Machines 2024.","breadcrumb":{"@id":"https:\/\/prod.reverlesfuturs.com\/wp\/evenement-pyreneen-concours-de-machines\/#breadcrumb"},"inLanguage":"fr-FR","potentialAction":[{"@type":"ReadAction","target":["https:\/\/prod.reverlesfuturs.com\/wp\/evenement-pyreneen-concours-de-machines\/"]}]},{"@type":"ImageObject","inLanguage":"fr-FR","@id":"https:\/\/prod.reverlesfuturs.com\/wp\/evenement-pyreneen-concours-de-machines\/#primaryimage","url":"https:\/\/prod.reverlesfuturs.com\/wp\/wp-content\/uploads\/2024\/08\/Tickets.jpg","contentUrl":"https:\/\/prod.reverlesfuturs.com\/wp\/wp-content\/uploads\/2024\/08\/Tickets.jpg","width":1920,"height":1080,"caption":"Projection visuelle identit\u00e9 Concours de Machines 2024"},{"@type":"BreadcrumbList","@id":"https:\/\/prod.reverlesfuturs.com\/wp\/evenement-pyreneen-concours-de-machines\/#breadcrumb","itemListElement":[{"@type":"ListItem","position":1,"name":"Accueil","item":"https:\/\/prod.reverlesfuturs.com\/wp\/"},{"@type":"ListItem","position":2,"name":"Concours de Machines 2024 : un \u00e9v\u00e9nement pyr\u00e9n\u00e9en"}]},{"@type":"WebSite","@id":"https:\/\/prod.reverlesfuturs.com\/wp\/#website","url":"https:\/\/prod.reverlesfuturs.com\/wp\/","name":"BLOG","description":"Studio cr\u00e9atif d&#039;ecocommunication pour r\u00eaver les Futurs !","potentialAction":[{"@type":"SearchAction","target":{"@type":"EntryPoint","urlTemplate":"https:\/\/prod.reverlesfuturs.com\/wp\/?s={search_term_string}"},"query-input":{"@type":"PropertyValueSpecification","valueRequired":true,"valueName":"search_term_string"}}],"inLanguage":"fr-FR"},{"@type":"Person","@id":"https:\/\/prod.reverlesfuturs.com\/wp\/#\/schema\/person\/a279f313b9ab018172227854e3ea6564","name":"La\u00ebtitia Geneyton","image":{"@type":"ImageObject","inLanguage":"fr-FR","@id":"https:\/\/prod.reverlesfuturs.com\/wp\/#\/schema\/person\/image\/","url":"https:\/\/secure.gravatar.com\/avatar\/526490ddaa310be58632c97abcf41386?s=96&d=mm&r=g","contentUrl":"https:\/\/secure.gravatar.com\/avatar\/526490ddaa310be58632c97abcf41386?s=96&d=mm&r=g","caption":"La\u00ebtitia Geneyton"},"sameAs":["https:\/\/prod.reverlesfuturs.com\/wp"],"url":"https:\/\/prod.reverlesfuturs.com\/wp\/author\/rlf_\/"}]}},"_links":{"self":[{"href":"https:\/\/prod.reverlesfuturs.com\/wp\/wp-json\/wp\/v2\/posts\/1896","targetHints":{"allow":["GET"]}}],"collection":[{"href":"https:\/\/prod.reverlesfuturs.com\/wp\/wp-json\/wp\/v2\/posts"}],"about":[{"href":"https:\/\/prod.reverlesfuturs.com\/wp\/wp-json\/wp\/v2\/types\/post"}],"author":[{"embeddable":true,"href":"https:\/\/prod.reverlesfuturs.com\/wp\/wp-json\/wp\/v2\/users\/1"}],"replies":[{"embeddable":true,"href":"https:\/\/prod.reverlesfuturs.com\/wp\/wp-json\/wp\/v2\/comments?post=1896"}],"version-history":[{"count":0,"href":"https:\/\/prod.reverlesfuturs.com\/wp\/wp-json\/wp\/v2\/posts\/1896\/revisions"}],"wp:featuredmedia":[{"embeddable":true,"href":"https:\/\/prod.reverlesfuturs.com\/wp\/wp-json\/wp\/v2\/media\/1949"}],"wp:attachment":[{"href":"https:\/\/prod.reverlesfuturs.com\/wp\/wp-json\/wp\/v2\/media?parent=1896"}],"wp:term":[{"taxonomy":"category","embeddable":true,"href":"https:\/\/prod.reverlesfuturs.com\/wp\/wp-json\/wp\/v2\/categories?post=1896"},{"taxonomy":"post_tag","embeddable":true,"href":"https:\/\/prod.reverlesfuturs.com\/wp\/wp-json\/wp\/v2\/tags?post=1896"}],"curies":[{"name":"wp","href":"https:\/\/api.w.org\/{rel}","templated":true}]}}